{"id":48216,"date":"2024-02-29T17:09:01","date_gmt":"2024-02-29T22:09:01","guid":{"rendered":"https:\/\/www.imfapart.com\/?p=48216"},"modified":"2026-01-20T13:20:17","modified_gmt":"2026-01-20T18:20:17","slug":"minexpo2024","status":"publish","type":"post","link":"https:\/\/www.imfapart.com\/es\/minexpo2024\/","title":{"rendered":"MinExpo Colombia 2024"},"content":{"rendered":"<div data-elementor-type=\"wp-post\" data-elementor-id=\"48216\" class=\"elementor elementor-48216\" data-elementor-post-type=\"post\">\n\t\t\t\t\t\t<section class=\"elementor-section elementor-top-section elementor-element elementor-element-7ad1d629 elementor-section-boxed elementor-section-height-default elementor-section-height-default tm-col-stretched-none tm-bg-color-over-image\" data-id=\"7ad1d629\" data-element_type=\"section\">\n\t\t\t\t\t\t<div class=\"elementor-container elementor-column-gap-default\">\n\t\t\t\t\t<div class=\"elementor-column elementor-col-100 elementor-top-column elementor-element elementor-element-38990e24 tm-bg-color-over-image\" data-id=\"38990e24\" data-element_type=\"column\">\n\t\t\t<div class=\"elementor-widget-wrap elementor-element-populated\">\n\t\t\t\t\t\t<div class=\"elementor-element elementor-element-81a8365 elementor-widget elementor-widget-heading\" data-id=\"81a8365\" data-element_type=\"widget\" data-widget_type=\"heading.default\">\n\t\t\t\t<div class=\"elementor-widget-container\">\n\t\t\t\t\t<h2 class=\"elementor-heading-title elementor-size-default\">\u00bfQu\u00e9 es la Minexpo Colombia 2024?<\/h2>\t\t\t\t<\/div>\n\t\t\t\t<\/div>\n\t\t\t\t<div class=\"elementor-element elementor-element-389afaab elementor-widget elementor-widget-text-editor\" data-id=\"389afaab\" data-element_type=\"widget\" data-widget_type=\"text-editor.default\">\n\t\t\t\t<div class=\"elementor-widget-container\">\n\t\t\t\t\t\t\t\t\t<p data-path-to-node=\"0\"><span class=\"citation-71 citation-end-71\">La Minexpo Colombia 2024 es un evento crucial para la industria minera en nuestro pa\u00eds.<source-footnote ng-version=\"0.0.0-PLACEHOLDER\" _nghost-ng-c2739130549=\"\"><sup _ngcontent-ng-c2739130549=\"\" class=\"superscript\" data-turn-source-index=\"1\"><\/sup><\/source-footnote><\/span> <span class=\"citation-70 citation-end-70\">Se llevar\u00e1 a cabo los d\u00edas 23 y 24 de abril en la hermosa ciudad de Medell\u00edn.<source-footnote ng-version=\"0.0.0-PLACEHOLDER\" _nghost-ng-c2739130549=\"\"><sup _ngcontent-ng-c2739130549=\"\" class=\"superscript\" data-turn-source-index=\"2\"><\/sup><\/source-footnote><\/span> <span class=\"citation-69 citation-end-69\">Esta feria re\u00fane a expertos, emprendedores y empresarios interesados en la tecnolog\u00eda, la innovaci\u00f3n y el emprendimiento en el sector minero.<source-footnote ng-version=\"0.0.0-PLACEHOLDER\" _nghost-ng-c2739130549=\"\"><sup _ngcontent-ng-c2739130549=\"\" class=\"superscript\" data-turn-source-index=\"3\"><\/sup><\/source-footnote><\/span><sources-carousel-inline ng-version=\"0.0.0-PLACEHOLDER\" _nghost-ng-c2986621823=\"\"><source-inline-chip _ngcontent-ng-c2986621823=\"\" _nghost-ng-c66103558=\"\" class=\"ng-star-inserted\"><\/source-inline-chip><\/sources-carousel-inline><\/p>\n<div _ngcontent-ng-c66103558=\"\" class=\"source-inline-chip-container ng-star-inserted\"><button _ngcontent-ng-c66103558=\"\" cdkoverlayorigin=\"\" class=\"button multiple-button ng-star-inserted\" aria-label=\"Ver los detalles de la fuente de las citas de IMFAPART, Plaza Mayor Medell\u00edn y Plaza Mayor Medell\u00edn. Abre el panel lateral.\" jslog=\"262206;track:generic_click;BardVeMetadataKey:[[&quot;r_a8898f9285a17804&quot;,&quot;c_2e630899207692d5&quot;,null,&quot;rc_cb5c24dab68d95c9&quot;,null,null,&quot;en&quot;,null,1,null,null,1,0],null,null,null,null,null,null,null,null,null,null,null,null,null,null,null,null,null,null,null,null,null,null,null,null,null,null,null,null,null,null,null,null,null,null,null,null,null,null,[0]]\"><span _ngcontent-ng-c66103558=\"\" class=\"button-label gds-label-m ng-star-inserted\"><mat-icon _ngcontent-ng-c66103558=\"\" role=\"img\" fonticon=\"link\" class=\"mat-icon notranslate symbol gds-icon-s google-symbols mat-ligature-font mat-icon-no-color\" aria-hidden=\"true\" data-mat-icon-type=\"font\" data-mat-icon-name=\"link\"><\/mat-icon>+2<\/span><\/button><\/div>\n<p data-path-to-node=\"1\"><span class=\"citation-68 citation-end-68\">Imfapart: L\u00edder en Soluciones Industriales<source-footnote ng-version=\"0.0.0-PLACEHOLDER\" _nghost-ng-c2739130549=\"\"><sup _ngcontent-ng-c2739130549=\"\" class=\"superscript\" data-turn-source-index=\"4\"><\/sup><\/source-footnote><\/span> <span class=\"citation-67 citation-end-67\">Imfapart, una empresa destacada en el campo de la filtraci\u00f3n y lubricaci\u00f3n industrial, se enorgullece de participar en la Minexpo Colombia 2024.<source-footnote ng-version=\"0.0.0-PLACEHOLDER\" _nghost-ng-c2739130549=\"\"><sup _ngcontent-ng-c2739130549=\"\" class=\"superscript\" data-turn-source-index=\"5\"><\/sup><\/source-footnote><\/span> <span class=\"citation-66 citation-end-66\">Su presencia en el evento es una oportunidad para presentar sus productos de alta calidad y compartir su experiencia con la comunidad minera.<source-footnote ng-version=\"0.0.0-PLACEHOLDER\" _nghost-ng-c2739130549=\"\"><sup _ngcontent-ng-c2739130549=\"\" class=\"superscript\" data-turn-source-index=\"6\"><\/sup><\/source-footnote><\/span><sources-carousel-inline ng-version=\"0.0.0-PLACEHOLDER\" _nghost-ng-c2986621823=\"\"><source-inline-chip _ngcontent-ng-c2986621823=\"\" _nghost-ng-c66103558=\"\" class=\"ng-star-inserted\"><\/source-inline-chip><\/sources-carousel-inline><\/p>\n<div _ngcontent-ng-c66103558=\"\" class=\"source-inline-chip-container ng-star-inserted\"><button _ngcontent-ng-c66103558=\"\" cdkoverlayorigin=\"\" class=\"button multiple-button ng-star-inserted\" aria-label=\"Ver los detalles de la fuente de las citas de IMFAPART y Plaza Mayor Medell\u00edn. Abre el panel lateral.\" jslog=\"262206;track:generic_click;BardVeMetadataKey:[[&quot;r_a8898f9285a17804&quot;,&quot;c_2e630899207692d5&quot;,null,&quot;rc_cb5c24dab68d95c9&quot;,null,null,&quot;en&quot;,null,1,null,null,1,0],null,null,null,null,null,null,null,null,null,null,null,null,null,null,null,null,null,null,null,null,null,null,null,null,null,null,null,null,null,null,null,null,null,null,null,null,null,null,[0]]\"><span _ngcontent-ng-c66103558=\"\" class=\"button-label gds-label-m ng-star-inserted\"><mat-icon _ngcontent-ng-c66103558=\"\" role=\"img\" fonticon=\"link\" class=\"mat-icon notranslate symbol gds-icon-s google-symbols mat-ligature-font mat-icon-no-color\" aria-hidden=\"true\" data-mat-icon-type=\"font\" data-mat-icon-name=\"link\"><\/mat-icon>+1<\/span><\/button><\/div>\n<p data-path-to-node=\"2\">Productos Destacados de Imfapart<\/p>\n<ol start=\"1\" data-path-to-node=\"3\">\n<li>\n<p data-path-to-node=\"3,0,0\">Filtracion Industrial <span class=\"citation-65 citation-end-65\">Filtro Canastilla de Carb\u00f3n: Filtraci\u00f3n efectiva para l\u00edquidos y gases.<source-footnote ng-version=\"0.0.0-PLACEHOLDER\" _nghost-ng-c2739130549=\"\"><sup _ngcontent-ng-c2739130549=\"\" class=\"superscript\" data-turn-source-index=\"7\"><\/sup><\/source-footnote><\/span> <span class=\"citation-64 citation-end-64\">Filtros coalescentes de fibra de vidrio: Reducci\u00f3n de part\u00edculas y separaci\u00f3n de l\u00edquidos.<source-footnote ng-version=\"0.0.0-PLACEHOLDER\" _nghost-ng-c2739130549=\"\"><sup _ngcontent-ng-c2739130549=\"\" class=\"superscript\" data-turn-source-index=\"8\"><\/sup><\/source-footnote><\/span> <span class=\"citation-63 citation-end-63\">Filtros colectores de polvo: Protecci\u00f3n contra part\u00edculas en suspensi\u00f3n.<source-footnote ng-version=\"0.0.0-PLACEHOLDER\" _nghost-ng-c2739130549=\"\"><sup _ngcontent-ng-c2739130549=\"\" class=\"superscript\" data-turn-source-index=\"9\"><\/sup><\/source-footnote><\/span> <span class=\"citation-62 citation-end-62\">Filtros de Aire Moldeados: Optimizaci\u00f3n de la calidad del aire.<source-footnote ng-version=\"0.0.0-PLACEHOLDER\" _nghost-ng-c2739130549=\"\"><sup _ngcontent-ng-c2739130549=\"\" class=\"superscript\" data-turn-source-index=\"10\"><\/sup><\/source-footnote><\/span><sources-carousel-inline ng-version=\"0.0.0-PLACEHOLDER\" _nghost-ng-c2986621823=\"\"><source-inline-chip _ngcontent-ng-c2986621823=\"\" _nghost-ng-c66103558=\"\" class=\"ng-star-inserted\"><\/source-inline-chip><\/sources-carousel-inline><\/p>\n<div _ngcontent-ng-c66103558=\"\" class=\"source-inline-chip-container ng-star-inserted\"><button _ngcontent-ng-c66103558=\"\" cdkoverlayorigin=\"\" class=\"button multiple-button ng-star-inserted\" aria-label=\"Ver los detalles de la fuente de las citas de IMFAPART y IMFAPART. Abre el panel lateral.\" jslog=\"262206;track:generic_click;BardVeMetadataKey:[[&quot;r_a8898f9285a17804&quot;,&quot;c_2e630899207692d5&quot;,null,&quot;rc_cb5c24dab68d95c9&quot;,null,null,&quot;en&quot;,null,1,null,null,1,0],null,null,null,null,null,null,null,null,null,null,null,null,null,null,null,null,null,null,null,null,null,null,null,null,null,null,null,null,null,null,null,null,null,null,null,null,null,null,[0]]\"><span _ngcontent-ng-c66103558=\"\" class=\"button-label gds-label-m ng-star-inserted\"><mat-icon _ngcontent-ng-c66103558=\"\" role=\"img\" fonticon=\"link\" class=\"mat-icon notranslate symbol gds-icon-s google-symbols mat-ligature-font mat-icon-no-color\" aria-hidden=\"true\" data-mat-icon-type=\"font\" data-mat-icon-name=\"link\"><\/mat-icon>+2<\/span><\/button><\/div>\n<\/li>\n<li>\n<p data-path-to-node=\"3,1,0\">2. Soluciones de Absorci\u00f3n de Humedad <span class=\"citation-61 citation-end-61\">Filtro Silica Gel: absorbe la humedad en todo tipo de tanques de almacenamiento del sector industrial en diferentes usos como:<source-footnote ng-version=\"0.0.0-PLACEHOLDER\" _nghost-ng-c2739130549=\"\"><sup _ngcontent-ng-c2739130549=\"\" class=\"superscript\" data-turn-source-index=\"11\"><\/sup><\/source-footnote><\/span><sources-carousel-inline ng-version=\"0.0.0-PLACEHOLDER\" _nghost-ng-c2986621823=\"\"><source-inline-chip _ngcontent-ng-c2986621823=\"\" _nghost-ng-c66103558=\"\" class=\"ng-star-inserted\"><\/source-inline-chip><\/sources-carousel-inline><\/p>\n<div _ngcontent-ng-c66103558=\"\" class=\"source-inline-chip-container ng-star-inserted\"><button _ngcontent-ng-c66103558=\"\" cdkoverlayorigin=\"\" class=\"button ng-star-inserted\" aria-label=\"Ver los detalles de la fuente de la cita de IMFAPART. Abre el panel lateral.\" jslog=\"262206;track:generic_click,impression,attention;BardVeMetadataKey:[[&quot;r_a8898f9285a17804&quot;,&quot;c_2e630899207692d5&quot;,null,&quot;rc_cb5c24dab68d95c9&quot;,null,null,&quot;en&quot;,null,1,null,null,1,0],null,null,null,null,null,null,null,null,null,null,null,null,null,null,null,null,null,null,null,null,null,null,null,null,null,null,null,null,null,null,null,null,null,null,null,null,null,null,[0]]\" data-hveid=\"0\" decode-data-ved=\"1\" data-ved=\"0CAAQvoAQahcKEwi30uPU25qSAxUAAAAAHQAAAAAQOA\"><mat-icon _ngcontent-ng-c66103558=\"\" role=\"img\" fonticon=\"link\" class=\"mat-icon notranslate symbol gds-icon-s google-symbols mat-ligature-font mat-icon-no-color ng-star-inserted\" aria-hidden=\"true\" data-mat-icon-type=\"font\" data-mat-icon-name=\"link\"><\/mat-icon><\/button><\/div>\n<\/li>\n<\/ol>\n<p data-path-to-node=\"4\">Industrias de combustibles, qu\u00edmicas, de alimentos y bebidas, y refiner\u00edas\n\nIndustrias de petr\u00f3leo y gas, cosm\u00e9tica, farmac\u00e9utica, de lubricantes, y otras\n\nSistemas de distribuci\u00f3n de agua por bombeo\n\n3. Lubricaci\u00f3n Automatica <span class=\"citation-60 citation-end-60\">Jack-Luber\u2122 Series: Sistemas de lubricaci\u00f3n avanzados para maquinaria pesada.<source-footnote ng-version=\"0.0.0-PLACEHOLDER\" _nghost-ng-c2739130549=\"\"><sup _ngcontent-ng-c2739130549=\"\" class=\"superscript\" data-turn-source-index=\"12\"><\/sup><\/source-footnote><\/span> <span class=\"citation-59 citation-end-59\">Ultimate-Luber\u2122 Series: Soluciones de lubricaci\u00f3n confiables y eficientes.<source-footnote ng-version=\"0.0.0-PLACEHOLDER\" _nghost-ng-c2739130549=\"\"><sup _ngcontent-ng-c2739130549=\"\" class=\"superscript\" data-turn-source-index=\"13\"><\/sup><\/source-footnote><\/span> <span class=\"citation-58 citation-end-58\">Titan CL\u2122 &amp; Titan II Luber\u2122: Lubricadores autom\u00e1ticos para aplicaciones industriales.<source-footnote ng-version=\"0.0.0-PLACEHOLDER\" _nghost-ng-c2739130549=\"\"><sup _ngcontent-ng-c2739130549=\"\" class=\"superscript\" data-turn-source-index=\"14\"><\/sup><\/source-footnote><\/span><sources-carousel-inline ng-version=\"0.0.0-PLACEHOLDER\" _nghost-ng-c2986621823=\"\"><source-inline-chip _ngcontent-ng-c2986621823=\"\" _nghost-ng-c66103558=\"\" class=\"ng-star-inserted\"><\/source-inline-chip><\/sources-carousel-inline><\/p>\n<div _ngcontent-ng-c66103558=\"\" class=\"source-inline-chip-container ng-star-inserted\"><button _ngcontent-ng-c66103558=\"\" cdkoverlayorigin=\"\" class=\"button ng-star-inserted\" aria-label=\"Ver los detalles de la fuente de la cita de IMFAPART. Abre el panel lateral.\" jslog=\"262206;track:generic_click,impression,attention;BardVeMetadataKey:[[&quot;r_a8898f9285a17804&quot;,&quot;c_2e630899207692d5&quot;,null,&quot;rc_cb5c24dab68d95c9&quot;,null,null,&quot;en&quot;,null,1,null,null,1,0],null,null,null,null,null,null,null,null,null,null,null,null,null,null,null,null,null,null,null,null,null,null,null,null,null,null,null,null,null,null,null,null,null,null,null,null,null,null,[0]]\" data-hveid=\"0\" decode-data-ved=\"1\" data-ved=\"0CAAQvoAQahcKEwi30uPU25qSAxUAAAAAHQAAAAAQOQ\"><mat-icon _ngcontent-ng-c66103558=\"\" role=\"img\" fonticon=\"link\" class=\"mat-icon notranslate symbol gds-icon-s google-symbols mat-ligature-font mat-icon-no-color ng-star-inserted\" aria-hidden=\"true\" data-mat-icon-type=\"font\" data-mat-icon-name=\"link\"><\/mat-icon><\/button><\/div>\n<p data-path-to-node=\"5\">Vis\u00edtanos en Nuestro Stand\n\nSi est\u00e1s interesado en conocer m\u00e1s sobre los productos de Imfapart, te invitamos a visitar nuestro stand en la Minexpo Colombia 2024. \u00a1Esperamos verte all\u00ed y compartir ideas sobre c\u00f3mo mejorar la eficiencia y la sostenibilidad en la industria minera<\/p>\t\t\t\t\t\t\t\t<\/div>\n\t\t\t\t<\/div>\n\t\t\t\t\t<\/div>\n\t\t<\/div>\n\t\t\t\t\t<\/div>\n\t\t<\/section>\n\t\t\t\t<\/div>","protected":false},"excerpt":{"rendered":"<p>What is Minexpo Colombia 2024? Minexpo Colombia 2024 is a crucial event for the mining industry in our country. It&#8230;<\/p>","protected":false},"author":3,"featured_media":48219,"comment_status":"open","ping_status":"open","sticky":true,"template":"","format":"standard","meta":{"_joinchat":[],"footnotes":""},"categories":[76,21],"tags":[],"class_list":["post-48216","post","type-post","status-publish","format-standard","has-post-thumbnail","hentry","category-eventos","category-exploracion"],"yoast_head":"<!-- This site is optimized with the Yoast SEO plugin v26.2 - https:\/\/yoast.com\/wordpress\/plugins\/seo\/ -->\n<title>MinExpo Colombia 2024 - IMFAPART | Industrial filtration and lubrication<\/title>\n<meta name=\"description\" content=\"La Minexpo Colombia 2024 es un evento crucial para la industria minera en nuestro pa\u00eds. Se llevar\u00e1 a cabo los d\u00edas 23 y 24 de abril en la hermosa ciudad de Medell\u00edn. Esta feria re\u00fane a expertos, emprendedores y empresarios.\" \/>\n<meta name=\"robots\" content=\"index, follow, max-snippet:-1, max-image-preview:large, max-video-preview:-1\" \/>\n<link rel=\"canonical\" href=\"https:\/\/www.imfapart.com\/es\/minexpo2024\/\" \/>\n<meta property=\"og:locale\" content=\"es_ES\" \/>\n<meta property=\"og:type\" content=\"article\" \/>\n<meta property=\"og:title\" content=\"MinExpo Colombia 2024 - IMFAPART | Industrial filtration and lubrication\" \/>\n<meta property=\"og:description\" content=\"La Minexpo Colombia 2024 es un evento crucial para la industria minera en nuestro pa\u00eds. Se llevar\u00e1 a cabo los d\u00edas 23 y 24 de abril en la hermosa ciudad de Medell\u00edn. Esta feria re\u00fane a expertos, emprendedores y empresarios.\" \/>\n<meta property=\"og:url\" content=\"https:\/\/www.imfapart.com\/es\/minexpo2024\/\" \/>\n<meta property=\"og:site_name\" content=\"IMFAPART | Industrial filtration and lubrication\" \/>\n<meta property=\"article:publisher\" content=\"https:\/\/www.facebook.com\/profile.php?id=100078783627404\" \/>\n<meta property=\"article:published_time\" content=\"2024-02-29T22:09:01+00:00\" \/>\n<meta property=\"article:modified_time\" content=\"2026-01-20T18:20:17+00:00\" \/>\n<meta property=\"og:image\" content=\"http:\/\/www.imfapart.com\/wp-content\/uploads\/2024\/02\/Minexpo-2024-imfpart.jpeg\" \/>\n\t<meta property=\"og:image:width\" content=\"899\" \/>\n\t<meta property=\"og:image:height\" content=\"1599\" \/>\n\t<meta property=\"og:image:type\" content=\"image\/jpeg\" \/>\n<meta name=\"author\" content=\"Kelvin\" \/>\n<meta name=\"twitter:card\" content=\"summary_large_image\" \/>\n<meta name=\"twitter:label1\" content=\"Escrito por\" \/>\n\t<meta name=\"twitter:data1\" content=\"Kelvin\" \/>\n\t<meta name=\"twitter:label2\" content=\"Tiempo de lectura\" \/>\n\t<meta name=\"twitter:data2\" content=\"2 minutos\" \/>\n<script type=\"application\/ld+json\" class=\"yoast-schema-graph\">{\"@context\":\"https:\/\/schema.org\",\"@graph\":[{\"@type\":\"Article\",\"@id\":\"https:\/\/www.imfapart.com\/minexpo2024\/#article\",\"isPartOf\":{\"@id\":\"https:\/\/www.imfapart.com\/minexpo2024\/\"},\"author\":{\"name\":\"Kelvin\",\"@id\":\"https:\/\/www.imfapart.com\/#\/schema\/person\/ba0b5f8256abce9db02e7e270d646a93\"},\"headline\":\"MinExpo Colombia 2024\",\"datePublished\":\"2024-02-29T22:09:01+00:00\",\"dateModified\":\"2026-01-20T18:20:17+00:00\",\"mainEntityOfPage\":{\"@id\":\"https:\/\/www.imfapart.com\/minexpo2024\/\"},\"wordCount\":248,\"commentCount\":0,\"publisher\":{\"@id\":\"https:\/\/www.imfapart.com\/#organization\"},\"image\":{\"@id\":\"https:\/\/www.imfapart.com\/minexpo2024\/#primaryimage\"},\"thumbnailUrl\":\"https:\/\/www.imfapart.com\/wp-content\/uploads\/2024\/02\/Minexpo-2024-imfpart.jpeg\",\"articleSection\":[\"Eventos\",\"Exploraci\u00f3n\"],\"inLanguage\":\"es-CO\",\"potentialAction\":[{\"@type\":\"CommentAction\",\"name\":\"Comment\",\"target\":[\"https:\/\/www.imfapart.com\/minexpo2024\/#respond\"]}]},{\"@type\":\"WebPage\",\"@id\":\"https:\/\/www.imfapart.com\/minexpo2024\/\",\"url\":\"https:\/\/www.imfapart.com\/minexpo2024\/\",\"name\":\"MinExpo Colombia 2024 - IMFAPART | Industrial filtration and lubrication\",\"isPartOf\":{\"@id\":\"https:\/\/www.imfapart.com\/#website\"},\"primaryImageOfPage\":{\"@id\":\"https:\/\/www.imfapart.com\/minexpo2024\/#primaryimage\"},\"image\":{\"@id\":\"https:\/\/www.imfapart.com\/minexpo2024\/#primaryimage\"},\"thumbnailUrl\":\"https:\/\/www.imfapart.com\/wp-content\/uploads\/2024\/02\/Minexpo-2024-imfpart.jpeg\",\"datePublished\":\"2024-02-29T22:09:01+00:00\",\"dateModified\":\"2026-01-20T18:20:17+00:00\",\"description\":\"La Minexpo Colombia 2024 es un evento crucial para la industria minera en nuestro pa\u00eds. Se llevar\u00e1 a cabo los d\u00edas 23 y 24 de abril en la hermosa ciudad de Medell\u00edn. Esta feria re\u00fane a expertos, emprendedores y empresarios.\",\"breadcrumb\":{\"@id\":\"https:\/\/www.imfapart.com\/minexpo2024\/#breadcrumb\"},\"inLanguage\":\"es-CO\",\"potentialAction\":[{\"@type\":\"ReadAction\",\"target\":[\"https:\/\/www.imfapart.com\/minexpo2024\/\"]}]},{\"@type\":\"ImageObject\",\"inLanguage\":\"es-CO\",\"@id\":\"https:\/\/www.imfapart.com\/minexpo2024\/#primaryimage\",\"url\":\"https:\/\/www.imfapart.com\/wp-content\/uploads\/2024\/02\/Minexpo-2024-imfpart.jpeg\",\"contentUrl\":\"https:\/\/www.imfapart.com\/wp-content\/uploads\/2024\/02\/Minexpo-2024-imfpart.jpeg\",\"width\":899,\"height\":1599,\"caption\":\"IMFAPART Participa en la minexpo 2024 en Medellin el 23 y 24 de Abril\"},{\"@type\":\"BreadcrumbList\",\"@id\":\"https:\/\/www.imfapart.com\/minexpo2024\/#breadcrumb\",\"itemListElement\":[{\"@type\":\"ListItem\",\"position\":1,\"name\":\"Inicio\",\"item\":\"https:\/\/www.imfapart.com\/\"},{\"@type\":\"ListItem\",\"position\":2,\"name\":\"MinExpo Colombia 2024\"}]},{\"@type\":\"WebSite\",\"@id\":\"https:\/\/www.imfapart.com\/#website\",\"url\":\"https:\/\/www.imfapart.com\/\",\"name\":\"IMFAPART | Industrial filtration and lubrication\",\"description\":\"We specialize in providing solutions to our clients, and our product range spans a varied selection, from filtration to industrial lubrication.\",\"publisher\":{\"@id\":\"https:\/\/www.imfapart.com\/#organization\"},\"potentialAction\":[{\"@type\":\"SearchAction\",\"target\":{\"@type\":\"EntryPoint\",\"urlTemplate\":\"https:\/\/www.imfapart.com\/?s={search_term_string}\"},\"query-input\":{\"@type\":\"PropertyValueSpecification\",\"valueRequired\":true,\"valueName\":\"search_term_string\"}}],\"inLanguage\":\"es-CO\"},{\"@type\":\"Organization\",\"@id\":\"https:\/\/www.imfapart.com\/#organization\",\"name\":\"IMFAPART | Industrial filtration and lubrication\",\"url\":\"https:\/\/www.imfapart.com\/\",\"logo\":{\"@type\":\"ImageObject\",\"inLanguage\":\"es-CO\",\"@id\":\"https:\/\/www.imfapart.com\/#\/schema\/logo\/image\/\",\"url\":\"https:\/\/www.imfapart.com\/wp-content\/uploads\/2023\/09\/Logo-IMFAPART.png\",\"contentUrl\":\"https:\/\/www.imfapart.com\/wp-content\/uploads\/2023\/09\/Logo-IMFAPART.png\",\"width\":350,\"height\":111,\"caption\":\"IMFAPART | Industrial filtration and lubrication\"},\"image\":{\"@id\":\"https:\/\/www.imfapart.com\/#\/schema\/logo\/image\/\"},\"sameAs\":[\"https:\/\/www.facebook.com\/profile.php?id=100078783627404\",\"https:\/\/www.instagram.com\/imfapart_hdp\/\"]},{\"@type\":\"Person\",\"@id\":\"https:\/\/www.imfapart.com\/#\/schema\/person\/ba0b5f8256abce9db02e7e270d646a93\",\"name\":\"Kelvin\",\"image\":{\"@type\":\"ImageObject\",\"inLanguage\":\"es-CO\",\"@id\":\"https:\/\/www.imfapart.com\/#\/schema\/person\/image\/\",\"url\":\"https:\/\/secure.gravatar.com\/avatar\/b500fd8eaf26dbc5322c06ee1c89eba17c4426d6f512910e0e0842552969192d?s=96&d=mm&r=g\",\"contentUrl\":\"https:\/\/secure.gravatar.com\/avatar\/b500fd8eaf26dbc5322c06ee1c89eba17c4426d6f512910e0e0842552969192d?s=96&d=mm&r=g\",\"caption\":\"Kelvin\"},\"url\":\"https:\/\/www.imfapart.com\/es\/author\/kelvin\/\"}]}<\/script>\n<!-- \/ Yoast SEO plugin. -->","yoast_head_json":{"title":"MinExpo Colombia 2024 - IMFAPART | Industrial filtration and lubrication","description":"La Minexpo Colombia 2024 es un evento crucial para la industria minera en nuestro pa\u00eds. Se llevar\u00e1 a cabo los d\u00edas 23 y 24 de abril en la hermosa ciudad de Medell\u00edn. Esta feria re\u00fane a expertos, emprendedores y empresarios.","robots":{"index":"index","follow":"follow","max-snippet":"max-snippet:-1","max-image-preview":"max-image-preview:large","max-video-preview":"max-video-preview:-1"},"canonical":"https:\/\/www.imfapart.com\/es\/minexpo2024\/","og_locale":"es_ES","og_type":"article","og_title":"MinExpo Colombia 2024 - IMFAPART | Industrial filtration and lubrication","og_description":"La Minexpo Colombia 2024 es un evento crucial para la industria minera en nuestro pa\u00eds. Se llevar\u00e1 a cabo los d\u00edas 23 y 24 de abril en la hermosa ciudad de Medell\u00edn. Esta feria re\u00fane a expertos, emprendedores y empresarios.","og_url":"https:\/\/www.imfapart.com\/es\/minexpo2024\/","og_site_name":"IMFAPART | Industrial filtration and lubrication","article_publisher":"https:\/\/www.facebook.com\/profile.php?id=100078783627404","article_published_time":"2024-02-29T22:09:01+00:00","article_modified_time":"2026-01-20T18:20:17+00:00","og_image":[{"width":899,"height":1599,"url":"http:\/\/www.imfapart.com\/wp-content\/uploads\/2024\/02\/Minexpo-2024-imfpart.jpeg","type":"image\/jpeg"}],"author":"Kelvin","twitter_card":"summary_large_image","twitter_misc":{"Escrito por":"Kelvin","Tiempo de lectura":"2 minutos"},"schema":{"@context":"https:\/\/schema.org","@graph":[{"@type":"Article","@id":"https:\/\/www.imfapart.com\/minexpo2024\/#article","isPartOf":{"@id":"https:\/\/www.imfapart.com\/minexpo2024\/"},"author":{"name":"Kelvin","@id":"https:\/\/www.imfapart.com\/#\/schema\/person\/ba0b5f8256abce9db02e7e270d646a93"},"headline":"MinExpo Colombia 2024","datePublished":"2024-02-29T22:09:01+00:00","dateModified":"2026-01-20T18:20:17+00:00","mainEntityOfPage":{"@id":"https:\/\/www.imfapart.com\/minexpo2024\/"},"wordCount":248,"commentCount":0,"publisher":{"@id":"https:\/\/www.imfapart.com\/#organization"},"image":{"@id":"https:\/\/www.imfapart.com\/minexpo2024\/#primaryimage"},"thumbnailUrl":"https:\/\/www.imfapart.com\/wp-content\/uploads\/2024\/02\/Minexpo-2024-imfpart.jpeg","articleSection":["Eventos","Exploraci\u00f3n"],"inLanguage":"es-CO","potentialAction":[{"@type":"CommentAction","name":"Comment","target":["https:\/\/www.imfapart.com\/minexpo2024\/#respond"]}]},{"@type":"WebPage","@id":"https:\/\/www.imfapart.com\/minexpo2024\/","url":"https:\/\/www.imfapart.com\/minexpo2024\/","name":"MinExpo Colombia 2024 - IMFAPART | Industrial filtration and lubrication","isPartOf":{"@id":"https:\/\/www.imfapart.com\/#website"},"primaryImageOfPage":{"@id":"https:\/\/www.imfapart.com\/minexpo2024\/#primaryimage"},"image":{"@id":"https:\/\/www.imfapart.com\/minexpo2024\/#primaryimage"},"thumbnailUrl":"https:\/\/www.imfapart.com\/wp-content\/uploads\/2024\/02\/Minexpo-2024-imfpart.jpeg","datePublished":"2024-02-29T22:09:01+00:00","dateModified":"2026-01-20T18:20:17+00:00","description":"La Minexpo Colombia 2024 es un evento crucial para la industria minera en nuestro pa\u00eds. Se llevar\u00e1 a cabo los d\u00edas 23 y 24 de abril en la hermosa ciudad de Medell\u00edn. Esta feria re\u00fane a expertos, emprendedores y empresarios.","breadcrumb":{"@id":"https:\/\/www.imfapart.com\/minexpo2024\/#breadcrumb"},"inLanguage":"es-CO","potentialAction":[{"@type":"ReadAction","target":["https:\/\/www.imfapart.com\/minexpo2024\/"]}]},{"@type":"ImageObject","inLanguage":"es-CO","@id":"https:\/\/www.imfapart.com\/minexpo2024\/#primaryimage","url":"https:\/\/www.imfapart.com\/wp-content\/uploads\/2024\/02\/Minexpo-2024-imfpart.jpeg","contentUrl":"https:\/\/www.imfapart.com\/wp-content\/uploads\/2024\/02\/Minexpo-2024-imfpart.jpeg","width":899,"height":1599,"caption":"IMFAPART Participa en la minexpo 2024 en Medellin el 23 y 24 de Abril"},{"@type":"BreadcrumbList","@id":"https:\/\/www.imfapart.com\/minexpo2024\/#breadcrumb","itemListElement":[{"@type":"ListItem","position":1,"name":"Inicio","item":"https:\/\/www.imfapart.com\/"},{"@type":"ListItem","position":2,"name":"MinExpo Colombia 2024"}]},{"@type":"WebSite","@id":"https:\/\/www.imfapart.com\/#website","url":"https:\/\/www.imfapart.com\/","name":"IMFAPART | Industrial filtration and lubrication","description":"We specialize in providing solutions to our clients, and our product range spans a varied selection, from filtration to industrial lubrication.","publisher":{"@id":"https:\/\/www.imfapart.com\/#organization"},"potentialAction":[{"@type":"SearchAction","target":{"@type":"EntryPoint","urlTemplate":"https:\/\/www.imfapart.com\/?s={search_term_string}"},"query-input":{"@type":"PropertyValueSpecification","valueRequired":true,"valueName":"search_term_string"}}],"inLanguage":"es-CO"},{"@type":"Organization","@id":"https:\/\/www.imfapart.com\/#organization","name":"IMFAPART | Industrial filtration and lubrication","url":"https:\/\/www.imfapart.com\/","logo":{"@type":"ImageObject","inLanguage":"es-CO","@id":"https:\/\/www.imfapart.com\/#\/schema\/logo\/image\/","url":"https:\/\/www.imfapart.com\/wp-content\/uploads\/2023\/09\/Logo-IMFAPART.png","contentUrl":"https:\/\/www.imfapart.com\/wp-content\/uploads\/2023\/09\/Logo-IMFAPART.png","width":350,"height":111,"caption":"IMFAPART | Industrial filtration and lubrication"},"image":{"@id":"https:\/\/www.imfapart.com\/#\/schema\/logo\/image\/"},"sameAs":["https:\/\/www.facebook.com\/profile.php?id=100078783627404","https:\/\/www.instagram.com\/imfapart_hdp\/"]},{"@type":"Person","@id":"https:\/\/www.imfapart.com\/#\/schema\/person\/ba0b5f8256abce9db02e7e270d646a93","name":"Kelvin","image":{"@type":"ImageObject","inLanguage":"es-CO","@id":"https:\/\/www.imfapart.com\/#\/schema\/person\/image\/","url":"https:\/\/secure.gravatar.com\/avatar\/b500fd8eaf26dbc5322c06ee1c89eba17c4426d6f512910e0e0842552969192d?s=96&d=mm&r=g","contentUrl":"https:\/\/secure.gravatar.com\/avatar\/b500fd8eaf26dbc5322c06ee1c89eba17c4426d6f512910e0e0842552969192d?s=96&d=mm&r=g","caption":"Kelvin"},"url":"https:\/\/www.imfapart.com\/es\/author\/kelvin\/"}]}},"_links":{"self":[{"href":"https:\/\/www.imfapart.com\/es\/wp-json\/wp\/v2\/posts\/48216","targetHints":{"allow":["GET"]}}],"collection":[{"href":"https:\/\/www.imfapart.com\/es\/wp-json\/wp\/v2\/posts"}],"about":[{"href":"https:\/\/www.imfapart.com\/es\/wp-json\/wp\/v2\/types\/post"}],"author":[{"embeddable":true,"href":"https:\/\/www.imfapart.com\/es\/wp-json\/wp\/v2\/users\/3"}],"replies":[{"embeddable":true,"href":"https:\/\/www.imfapart.com\/es\/wp-json\/wp\/v2\/comments?post=48216"}],"version-history":[{"count":4,"href":"https:\/\/www.imfapart.com\/es\/wp-json\/wp\/v2\/posts\/48216\/revisions"}],"predecessor-version":[{"id":49958,"href":"https:\/\/www.imfapart.com\/es\/wp-json\/wp\/v2\/posts\/48216\/revisions\/49958"}],"wp:featuredmedia":[{"embeddable":true,"href":"https:\/\/www.imfapart.com\/es\/wp-json\/wp\/v2\/media\/48219"}],"wp:attachment":[{"href":"https:\/\/www.imfapart.com\/es\/wp-json\/wp\/v2\/media?parent=48216"}],"wp:term":[{"taxonomy":"category","embeddable":true,"href":"https:\/\/www.imfapart.com\/es\/wp-json\/wp\/v2\/categories?post=48216"},{"taxonomy":"post_tag","embeddable":true,"href":"https:\/\/www.imfapart.com\/es\/wp-json\/wp\/v2\/tags?post=48216"}],"curies":[{"name":"wp","href":"https:\/\/api.w.org\/{rel}","templated":true}]}}